{"id":16517,"date":"2019-11-21T09:23:15","date_gmt":"2019-11-21T09:23:15","guid":{"rendered":"http:\/\/consultoresfb.com\/?p=16517"},"modified":"2019-11-21T09:23:15","modified_gmt":"2019-11-21T09:23:15","slug":"presentacion-en-el-colegio-notarial-de-madrid-del-libro-legal-tech-la-transformacion-digital-de-la-abogacia","status":"publish","type":"post","link":"https:\/\/consultoresfb.com\/index.php\/2019\/11\/21\/presentacion-en-el-colegio-notarial-de-madrid-del-libro-legal-tech-la-transformacion-digital-de-la-abogacia\/","title":{"rendered":"Presentaci\u00f3n en el Colegio Notarial de Madrid del libro Legal Tech. La transformaci\u00f3n digital de la abogac\u00eda"},"content":{"rendered":"\n[et_pb_section fb_built=\u00a0\u00bb1&Prime; _builder_version=\u00a0\u00bb3.27.4&Prime; custom_padding=\u00a0\u00bb||0px|||\u00a0\u00bb fb_built=\u00a0\u00bb1&Prime; _i=\u00a0\u00bb0&Prime; _address=\u00a0\u00bb0&Prime;][et_pb_row column_structure=\u00a0\u00bb3_5,2_5&Prime; _builder_version=\u00a0\u00bb3.27.4&Prime; min_height=\u00a0\u00bb240px\u00a0\u00bb _i=\u00a0\u00bb0&Prime; _address=\u00a0\u00bb0.0&Prime;][et_pb_column type=\u00a0\u00bb3_5&Prime; _builder_version=\u00a0\u00bb3.27.4&Prime; _i=\u00a0\u00bb0&Prime; _address=\u00a0\u00bb0.0.0&Prime;][et_pb_video src=\u00a0\u00bbhttps:\/\/youtu.be\/2ofwTFAsaF4&Prime; _builder_version=\u00a0\u00bb3.27.4&Prime; _i=\u00a0\u00bb0&Prime; _address=\u00a0\u00bb0.0.0.0&Prime;][\/et_pb_video][\/et_pb_column][et_pb_column type=\u00a0\u00bb2_5&Prime; _builder_version=\u00a0\u00bb3.27.4&Prime; _i=\u00a0\u00bb1&Prime; _address=\u00a0\u00bb0.0.1&Prime;][et_pb_text _builder_version=\u00a0\u00bb3.27.4&Prime; custom_padding=\u00a0\u00bb||0px|||\u00a0\u00bb hover_enabled=\u00a0\u00bb0&Prime; inline_fonts=\u00a0\u00bbMontserrat\u00a0\u00bb _i=\u00a0\u00bb0&Prime; _address=\u00a0\u00bb0.0.1.0&Prime; min_height=\u00a0\u00bb181px\u00a0\u00bb text_line_height=\u00a0\u00bb2em\u00a0\u00bb]<h3 style=\"text-align: justify;\"><span style=\"font-weight: normal; font-family: Montserrat; font-size: large;\"><strong>Presentaci\u00f3n de la mesa redonda a cargo de don Manuel Gonz\u00e1lez &#8211; Meneses, Notario de Madrid.<\/strong><\/span><\/h3>\n<h4 style=\"text-align: justify;\"><\/h4>[\/et_pb_text][\/et_pb_column][\/et_pb_row][et_pb_row column_structure=\u00a0\u00bb3_5,2_5&Prime; _builder_version=\u00a0\u00bb3.27.4&Prime; _i=\u00a0\u00bb1&Prime; _address=\u00a0\u00bb0.1&Prime;][et_pb_column type=\u00a0\u00bb3_5&Prime; _builder_version=\u00a0\u00bb3.27.4&Prime; _i=\u00a0\u00bb0&Prime; _address=\u00a0\u00bb0.1.0&Prime;][et_pb_video src=\u00a0\u00bbhttps:\/\/youtu.be\/Z9OlFYctIFc\u00a0\u00bb _builder_version=\u00a0\u00bb3.27.4&Prime; _i=\u00a0\u00bb0&Prime; _address=\u00a0\u00bb0.1.0.0&Prime;][\/et_pb_video][\/et_pb_column][et_pb_column type=\u00a0\u00bb2_5&Prime; _builder_version=\u00a0\u00bb3.27.4&Prime; _i=\u00a0\u00bb1&Prime; _address=\u00a0\u00bb0.1.1&Prime;][et_pb_text _builder_version=\u00a0\u00bb3.27.4&Prime; custom_padding=\u00a0\u00bb||0px|||\u00a0\u00bb inline_fonts=\u00a0\u00bbMontserrat\u00a0\u00bb _i=\u00a0\u00bb0&Prime; _address=\u00a0\u00bb0.1.1.0&Prime;]<h3 style=\"text-align: justify;\"><span style=\"font-weight: normal;\"><strong>La importancia del talento como motor de riqueza: los knowledge workers.<\/strong><\/span><\/h3>\n<h4 style=\"text-align: justify;\"><\/h4>[\/et_pb_text][\/et_pb_column][\/et_pb_row][et_pb_row column_structure=\u00a0\u00bb3_5,2_5&Prime; _builder_version=\u00a0\u00bb3.27.4&Prime; _i=\u00a0\u00bb2&Prime; _address=\u00a0\u00bb0.2&Prime;][et_pb_column type=\u00a0\u00bb3_5&Prime; _builder_version=\u00a0\u00bb3.27.4&Prime; _i=\u00a0\u00bb0&Prime; _address=\u00a0\u00bb0.2.0&Prime;][et_pb_video src=\u00a0\u00bbhttps:\/\/youtu.be\/h3-8EyrAKSs\u00a0\u00bb _builder_version=\u00a0\u00bb3.27.4&Prime; _i=\u00a0\u00bb0&Prime; _address=\u00a0\u00bb0.2.0.0&Prime;][\/et_pb_video][\/et_pb_column][et_pb_column type=\u00a0\u00bb2_5&Prime; _builder_version=\u00a0\u00bb3.27.4&Prime; _i=\u00a0\u00bb1&Prime; _address=\u00a0\u00bb0.2.1&Prime;][et_pb_text _builder_version=\u00a0\u00bb3.27.4&Prime; inline_fonts=\u00a0\u00bbMontserrat\u00a0\u00bb _i=\u00a0\u00bb0&Prime; _address=\u00a0\u00bb0.2.1.0&Prime;]<h2 style=\"text-align: justify;\"><span style=\"font-family: Montserrat; font-weight: normal; font-size: large;\"><strong>Paula Fuentes desvela algunos de los nuevos puestos que empiezan a ser imprescindibles en los grandes despachos.<\/strong><\/span><\/h2>[\/et_pb_text][\/et_pb_column][\/et_pb_row][et_pb_row column_structure=\u00a0\u00bb3_5,2_5&Prime; _builder_version=\u00a0\u00bb3.27.4&Prime; _i=\u00a0\u00bb3&Prime; _address=\u00a0\u00bb0.3&Prime;][et_pb_column type=\u00a0\u00bb3_5&Prime; _builder_version=\u00a0\u00bb3.27.4&Prime; _i=\u00a0\u00bb0&Prime; _address=\u00a0\u00bb0.3.0&Prime;][et_pb_video src=\u00a0\u00bbhttps:\/\/youtu.be\/Zu-xZUNLztg\u00a0\u00bb _builder_version=\u00a0\u00bb3.27.4&Prime; _i=\u00a0\u00bb0&Prime; _address=\u00a0\u00bb0.3.0.0&Prime;][\/et_pb_video][\/et_pb_column][et_pb_column type=\u00a0\u00bb2_5&Prime; _builder_version=\u00a0\u00bb3.27.4&Prime; _i=\u00a0\u00bb1&Prime; _address=\u00a0\u00bb0.3.1&Prime;][et_pb_text _builder_version=\u00a0\u00bb3.27.4&Prime; inline_fonts=\u00a0\u00bbMontserrat\u00a0\u00bb _i=\u00a0\u00bb0&Prime; _address=\u00a0\u00bb0.3.1.0&Prime;]<h3 style=\"text-align: justify;\"><span style=\"font-weight: normal; font-family: Montserrat; font-size: large;\"><strong>\u00bfHacia d\u00f3nde debe evolucionar la ense\u00f1anza del Derecho a la vista de los avances tecnol\u00f3gicos?<\/strong><\/span><\/h3>\n<h4 style=\"text-align: justify;\"><\/h4>[\/et_pb_text][\/et_pb_column][\/et_pb_row][\/et_pb_section]\n","protected":false},"excerpt":{"rendered":"","protected":false},"author":1,"featured_media":16530,"comment_status":"closed","ping_status":"closed","sticky":false,"template":"","format":"standard","meta":{"footnotes":""},"categories":[30,32],"tags":[58,80,82,62,84,86],"class_list":["post-16517","post","type-post","status-publish","format-standard","has-post-thumbnail","hentry","category-blog-fb","category-noticias-del-sector","tag-abogados","tag-colegio-notarial","tag-futuro","tag-legal-tech","tag-libro","tag-presentacion"],"_links":{"self":[{"href":"https:\/\/consultoresfb.com\/index.php\/wp-json\/wp\/v2\/posts\/16517","targetHints":{"allow":["GET"]}}],"collection":[{"href":"https:\/\/consultoresfb.com\/index.php\/wp-json\/wp\/v2\/posts"}],"about":[{"href":"https:\/\/consultoresfb.com\/index.php\/wp-json\/wp\/v2\/types\/post"}],"author":[{"embeddable":true,"href":"https:\/\/consultoresfb.com\/index.php\/wp-json\/wp\/v2\/users\/1"}],"replies":[{"embeddable":true,"href":"https:\/\/consultoresfb.com\/index.php\/wp-json\/wp\/v2\/comments?post=16517"}],"version-history":[{"count":0,"href":"https:\/\/consultoresfb.com\/index.php\/wp-json\/wp\/v2\/posts\/16517\/revisions"}],"wp:featuredmedia":[{"embeddable":true,"href":"https:\/\/consultoresfb.com\/index.php\/wp-json\/"}],"wp:attachment":[{"href":"https:\/\/consultoresfb.com\/index.php\/wp-json\/wp\/v2\/media?parent=16517"}],"wp:term":[{"taxonomy":"category","embeddable":true,"href":"https:\/\/consultoresfb.com\/index.php\/wp-json\/wp\/v2\/categories?post=16517"},{"taxonomy":"post_tag","embeddable":true,"href":"https:\/\/consultoresfb.com\/index.php\/wp-json\/wp\/v2\/tags?post=16517"}],"curies":[{"name":"wp","href":"https:\/\/api.w.org\/{rel}","templated":true}]}}